{"id":293,"date":"2023-02-02T16:19:24","date_gmt":"2023-02-02T16:19:24","guid":{"rendered":"https:\/\/laondaradio.es\/canalnoticies\/2023\/02\/02\/sempere-rehabilitara-lantic-llavaor-i-creara-una-zona-recreativa\/"},"modified":"2023-02-02T16:19:24","modified_gmt":"2023-02-02T16:19:24","slug":"sempere-rehabilitara-lantic-llavaor-i-creara-una-zona-recreativa","status":"publish","type":"post","link":"https:\/\/laondaradio.es\/canalnoticies\/2023\/02\/02\/sempere-rehabilitara-lantic-llavaor-i-creara-una-zona-recreativa\/","title":{"rendered":"Sempere rehabilitar\u00e0 l&#8217;antic llavaor i crear\u00e0 una zona recreativa."},"content":{"rendered":"\n<p>Sempere posar\u00e0 en valor un dels elements patrimonials i hist\u00f2rics. La petita localitat de la Vall d&#8217;Albaida, de 26 habitants (INE, 2022) -el municipi menys poblat de la prov\u00edncia de Val\u00e8ncia-, adequar\u00e0 l&#8217;antic safareig, una construcci\u00f3 de mitjans del passat segle XX que es troba en estat ru\u00efn\u00f3s, amb la teulada enfonsada, l&#8217;estructura afectada i enva\u00efda per l&#8217;herba. L?ajuntament presidit per Dolors Ortol\u00e0 ha rebut una ajuda de la Diputaci\u00f3 de Val\u00e8ncia per executar l?obra amb 44.691 euros, una actuaci\u00f3 amb qu\u00e8 el consistori vol posar en valor l?element arquitect\u00f2nic i atraure visitants al poble.<\/p>\n\n\n\n<p>L&#8217;antic safareig, pel qual discorre la s\u00e8quia -infraestructura de pedra adequada fa m\u00e9s de 25 anys-, es troba al costat de l&#8217;embassament de Bell\u00fas, a l&#8217;\u00e0rea de protecci\u00f3 del pant\u00e0, i pertany a la Confederaci\u00f3 Hidrogr\u00e0fica del X\u00faquer. L?alcaldessa de Sempere assenyala que fa uns anys es va sol\u00b7licitar el perm\u00eds a la CHJ per dur a terme l?actuaci\u00f3, per\u00f2 l?organisme de conca el va rebutjar. En aquesta legislatura han tornat a demanar l&#8217;autoritzaci\u00f3 i \u201cla Confederaci\u00f3 ara s\u00ed que ens ha donat el perm\u00eds i ben aviat podrem iniciar l&#8217;obra\u201d. Dolors Ortol\u00e0 explica que el safareig \u201cest\u00e0 en molt mal estat, est\u00e0 enfonsat, a terra i caldr\u00e0 reformar-ho pr\u00e0cticament tot\u201d. Aix\u00ed, es desbrossar\u00e0 tot l&#8217;entorn i es reconstruir\u00e0 el safareig, explica. L&#8217;actuaci\u00f3 inclou tamb\u00e9 la creaci\u00f3 d&#8217;una zona recreativa a l&#8217;entorn, on es col\u00b7locaran bancs i taules \u201cper atraure visitants, ja que el safareig es troba al costat del Mirador, que ofereix una vista espectacular de l&#8217;embassament\u201d. Amb l&#8217;obra \u201cvolem posar en valor l&#8217;antic safareig, un b\u00e9 hist\u00f2ric i patrimonial, que feien servir fa anys les dones per rentar la roba, aix\u00ed com aprofitar els treballs per crear una zona recreativa i que vinguin m\u00e9s visitants que puguin disposar d&#8217;un espai de descans i gaudi\u201d.<\/p>\n\n\n\n<p>L&#8217;ajut de la Diputaci\u00f3 forma part del pla d&#8217;inversions 2020-2021 i \u00e9s de gaireb\u00e9 45.000 euros, un import superior al pressupost de tot un any de Sempere, que treballa anualment amb uns comptes de poc m\u00e9s de 40.000 euros. L&#8217;alcaldessa ressalta la import\u00e0ncia del suport de la corporaci\u00f3 provincial i els seus ajuts \u201cper fer front a aquestes grans obres que amb el pressupost que tenim no podem assumir\u201d, i indicava que amb la subvenci\u00f3 \u201ci amb altres ajuts de la Diputaci\u00f3 cobrirem tot el pressupost per a l&#8217;obra, de manera que el consistori no hagi d&#8217;aportar recursos propis\u201d. L?entitat provincial acaba d?aprovar definitivament el projecte t\u00e8cnic de la reforma de l?antic safareig de Sempere, amb un pressupost de 44.691 euros, que d\u00f3na llum verda al?inici de les obres.<\/p>\n\n\n\n<p>M\u00e9s actuacions previstes<\/p>\n\n\n\n<p>L&#8217;alcaldessa de Sempere, Dolors Ortol\u00e0, tamb\u00e9 remarca que a trav\u00e9s de les ajudes d&#8217;altres plans de la Diputaci\u00f3, \u00abpels quals rebem uns 60.000 euros, podrem executar m\u00e9s actuacions\u00bb. I detalla que amb aquestes inversions adequaran els carrers del poble, reformant les voreres i les cal\u00e7ades creant vies de plataforma \u00fanica i de llambordes. Tamb\u00e9 instal\u00b7laran plaques solars fotovoltaiques a la teulada de l&#8217;ajuntament, per a autoconsum el\u00e8ctric del consistori.<\/p>\n\n\n\n<p><a href=\"https:\/\/t.me\/noticieslavall\">https:\/\/t.me\/noticieslavall<\/a><\/p>\n","protected":false},"excerpt":{"rendered":"<p>Sempere posar\u00e0 en valor un dels elements patrimonials i hist\u00f2rics. La petita localitat de la Vall d&#8217;Albaida, de 26 habitants (INE, 2022) -el municipi menys poblat de la prov\u00edncia de Val\u00e8ncia-, adequar\u00e0 l&#8217;antic safareig, una construcci\u00f3 de mitjans del passat segle XX que es troba en estat ru\u00efn\u00f3s, amb la teulada enfonsada, l&#8217;estructura afectada i [&hellip;]<\/p>\n","protected":false},"author":1,"featured_media":292,"comment_status":"","ping_status":"open","sticky":false,"template":"","format":"standard","meta":{"jetpack_post_was_ever_published":false,"_jetpack_newsletter_access":"","_jetpack_dont_email_post_to_subs":false,"_jetpack_newsletter_tier_id":0,"_jetpack_memberships_contains_paywalled_content":false,"_jetpack_memberships_contains_paid_content":false,"footnotes":"","jetpack_publicize_message":"","jetpack_publicize_feature_enabled":true,"jetpack_social_post_already_shared":true,"jetpack_social_options":{"image_generator_settings":{"template":"highway","default_image_id":0,"font":"","enabled":false},"version":2}},"categories":[5],"tags":[19],"class_list":["post-293","post","type-post","status-publish","format-standard","has-post-thumbnail","hentry","category-la-vall-dalbaida","tag-sempere"],"yoast_head":"<!-- This site is optimized with the Yoast SEO plugin v27.5 - https:\/\/yoast.com\/product\/yoast-seo-wordpress\/ -->\n<title>Sempere rehabilitar\u00e0 l&#039;antic llavaor i crear\u00e0 una zona recreativa. - Taller de Radio<\/title>\n<meta name=\"robots\" content=\"index, follow, max-snippet:-1, max-image-preview:large, max-video-preview:-1\" \/>\n<link rel=\"canonical\" href=\"https:\/\/laondaradio.es\/canalnoticies\/2023\/02\/02\/sempere-rehabilitara-lantic-llavaor-i-creara-una-zona-recreativa\/\" \/>\n<meta property=\"og:locale\" content=\"es_ES\" \/>\n<meta property=\"og:type\" content=\"article\" \/>\n<meta property=\"og:title\" content=\"Sempere rehabilitar\u00e0 l&#039;antic llavaor i crear\u00e0 una zona recreativa. - Taller de Radio\" \/>\n<meta property=\"og:description\" content=\"Sempere posar\u00e0 en valor un dels elements patrimonials i hist\u00f2rics. La petita localitat de la Vall d&#8217;Albaida, de 26 habitants (INE, 2022) -el municipi menys poblat de la prov\u00edncia de Val\u00e8ncia-, adequar\u00e0 l&#8217;antic safareig, una construcci\u00f3 de mitjans del passat segle XX que es troba en estat ru\u00efn\u00f3s, amb la teulada enfonsada, l&#8217;estructura afectada i [&hellip;]\" \/>\n<meta property=\"og:url\" content=\"https:\/\/laondaradio.es\/canalnoticies\/2023\/02\/02\/sempere-rehabilitara-lantic-llavaor-i-creara-una-zona-recreativa\/\" \/>\n<meta property=\"og:site_name\" content=\"Taller de Radio\" \/>\n<meta property=\"article:publisher\" content=\"https:\/\/www.facebook.com\/Tallerderadio\/\" \/>\n<meta property=\"article:published_time\" content=\"2023-02-02T16:19:24+00:00\" \/>\n<meta property=\"og:image\" content=\"https:\/\/laondaradio.es\/canalnoticies\/wp-content\/uploads\/2023\/02\/94e1ede7-0610-43a1-af7b-f16d7a401393_16-9-aspect-ratio_default_0.jpg\" \/>\n\t<meta property=\"og:image:width\" content=\"880\" \/>\n\t<meta property=\"og:image:height\" content=\"495\" \/>\n\t<meta property=\"og:image:type\" content=\"image\/jpeg\" \/>\n<meta name=\"author\" content=\"taller de radio\" \/>\n<meta name=\"twitter:card\" content=\"summary_large_image\" \/>\n<meta name=\"twitter:creator\" content=\"@tallerderadio\" \/>\n<meta name=\"twitter:site\" content=\"@tallerderadio\" \/>\n<meta name=\"twitter:label1\" content=\"Escrito por\" \/>\n\t<meta name=\"twitter:data1\" content=\"taller de radio\" \/>\n\t<meta name=\"twitter:label2\" content=\"Tiempo de lectura\" \/>\n\t<meta name=\"twitter:data2\" content=\"3 minutos\" \/>\n<script type=\"application\/ld+json\" class=\"yoast-schema-graph\">{\"@context\":\"https:\\\/\\\/schema.org\",\"@graph\":[{\"@type\":\"Article\",\"@id\":\"https:\\\/\\\/laondaradio.es\\\/canalnoticies\\\/2023\\\/02\\\/02\\\/sempere-rehabilitara-lantic-llavaor-i-creara-una-zona-recreativa\\\/#article\",\"isPartOf\":{\"@id\":\"https:\\\/\\\/laondaradio.es\\\/canalnoticies\\\/2023\\\/02\\\/02\\\/sempere-rehabilitara-lantic-llavaor-i-creara-una-zona-recreativa\\\/\"},\"author\":{\"name\":\"taller de radio\",\"@id\":\"https:\\\/\\\/laondaradio.es\\\/canalnoticies\\\/#\\\/schema\\\/person\\\/6fc5dad133ed2581a8efecd72999f1cf\"},\"headline\":\"Sempere rehabilitar\u00e0 l&#8217;antic llavaor i crear\u00e0 una zona recreativa.\",\"datePublished\":\"2023-02-02T16:19:24+00:00\",\"mainEntityOfPage\":{\"@id\":\"https:\\\/\\\/laondaradio.es\\\/canalnoticies\\\/2023\\\/02\\\/02\\\/sempere-rehabilitara-lantic-llavaor-i-creara-una-zona-recreativa\\\/\"},\"wordCount\":573,\"publisher\":{\"@id\":\"https:\\\/\\\/laondaradio.es\\\/canalnoticies\\\/#organization\"},\"image\":{\"@id\":\"https:\\\/\\\/laondaradio.es\\\/canalnoticies\\\/2023\\\/02\\\/02\\\/sempere-rehabilitara-lantic-llavaor-i-creara-una-zona-recreativa\\\/#primaryimage\"},\"thumbnailUrl\":\"https:\\\/\\\/i0.wp.com\\\/laondaradio.es\\\/canalnoticies\\\/wp-content\\\/uploads\\\/2023\\\/02\\\/94e1ede7-0610-43a1-af7b-f16d7a401393_16-9-aspect-ratio_default_0.jpg?fit=880%2C495&ssl=1\",\"keywords\":[\"Sempere\"],\"articleSection\":[\"La Vall d'Albaida\"],\"inLanguage\":\"es\"},{\"@type\":\"WebPage\",\"@id\":\"https:\\\/\\\/laondaradio.es\\\/canalnoticies\\\/2023\\\/02\\\/02\\\/sempere-rehabilitara-lantic-llavaor-i-creara-una-zona-recreativa\\\/\",\"url\":\"https:\\\/\\\/laondaradio.es\\\/canalnoticies\\\/2023\\\/02\\\/02\\\/sempere-rehabilitara-lantic-llavaor-i-creara-una-zona-recreativa\\\/\",\"name\":\"Sempere rehabilitar\u00e0 l'antic llavaor i crear\u00e0 una zona recreativa. - Taller de Radio\",\"isPartOf\":{\"@id\":\"https:\\\/\\\/laondaradio.es\\\/canalnoticies\\\/#website\"},\"primaryImageOfPage\":{\"@id\":\"https:\\\/\\\/laondaradio.es\\\/canalnoticies\\\/2023\\\/02\\\/02\\\/sempere-rehabilitara-lantic-llavaor-i-creara-una-zona-recreativa\\\/#primaryimage\"},\"image\":{\"@id\":\"https:\\\/\\\/laondaradio.es\\\/canalnoticies\\\/2023\\\/02\\\/02\\\/sempere-rehabilitara-lantic-llavaor-i-creara-una-zona-recreativa\\\/#primaryimage\"},\"thumbnailUrl\":\"https:\\\/\\\/i0.wp.com\\\/laondaradio.es\\\/canalnoticies\\\/wp-content\\\/uploads\\\/2023\\\/02\\\/94e1ede7-0610-43a1-af7b-f16d7a401393_16-9-aspect-ratio_default_0.jpg?fit=880%2C495&ssl=1\",\"datePublished\":\"2023-02-02T16:19:24+00:00\",\"breadcrumb\":{\"@id\":\"https:\\\/\\\/laondaradio.es\\\/canalnoticies\\\/2023\\\/02\\\/02\\\/sempere-rehabilitara-lantic-llavaor-i-creara-una-zona-recreativa\\\/#breadcrumb\"},\"inLanguage\":\"es\",\"potentialAction\":[{\"@type\":\"ReadAction\",\"target\":[\"https:\\\/\\\/laondaradio.es\\\/canalnoticies\\\/2023\\\/02\\\/02\\\/sempere-rehabilitara-lantic-llavaor-i-creara-una-zona-recreativa\\\/\"]}]},{\"@type\":\"ImageObject\",\"inLanguage\":\"es\",\"@id\":\"https:\\\/\\\/laondaradio.es\\\/canalnoticies\\\/2023\\\/02\\\/02\\\/sempere-rehabilitara-lantic-llavaor-i-creara-una-zona-recreativa\\\/#primaryimage\",\"url\":\"https:\\\/\\\/i0.wp.com\\\/laondaradio.es\\\/canalnoticies\\\/wp-content\\\/uploads\\\/2023\\\/02\\\/94e1ede7-0610-43a1-af7b-f16d7a401393_16-9-aspect-ratio_default_0.jpg?fit=880%2C495&ssl=1\",\"contentUrl\":\"https:\\\/\\\/i0.wp.com\\\/laondaradio.es\\\/canalnoticies\\\/wp-content\\\/uploads\\\/2023\\\/02\\\/94e1ede7-0610-43a1-af7b-f16d7a401393_16-9-aspect-ratio_default_0.jpg?fit=880%2C495&ssl=1\",\"width\":880,\"height\":495},{\"@type\":\"BreadcrumbList\",\"@id\":\"https:\\\/\\\/laondaradio.es\\\/canalnoticies\\\/2023\\\/02\\\/02\\\/sempere-rehabilitara-lantic-llavaor-i-creara-una-zona-recreativa\\\/#breadcrumb\",\"itemListElement\":[{\"@type\":\"ListItem\",\"position\":1,\"name\":\"Portada\",\"item\":\"https:\\\/\\\/laondaradio.es\\\/canalnoticies\\\/\"},{\"@type\":\"ListItem\",\"position\":2,\"name\":\"Sempere rehabilitar\u00e0 l&#8217;antic llavaor i crear\u00e0 una zona recreativa.\"}]},{\"@type\":\"WebSite\",\"@id\":\"https:\\\/\\\/laondaradio.es\\\/canalnoticies\\\/#website\",\"url\":\"https:\\\/\\\/laondaradio.es\\\/canalnoticies\\\/\",\"name\":\"Taller de Radio\",\"description\":\"M\u00fasica, noticias y tu participaci\u00f3n\",\"publisher\":{\"@id\":\"https:\\\/\\\/laondaradio.es\\\/canalnoticies\\\/#organization\"},\"potentialAction\":[{\"@type\":\"SearchAction\",\"target\":{\"@type\":\"EntryPoint\",\"urlTemplate\":\"https:\\\/\\\/laondaradio.es\\\/canalnoticies\\\/?s={search_term_string}\"},\"query-input\":{\"@type\":\"PropertyValueSpecification\",\"valueRequired\":true,\"valueName\":\"search_term_string\"}}],\"inLanguage\":\"es\"},{\"@type\":\"Organization\",\"@id\":\"https:\\\/\\\/laondaradio.es\\\/canalnoticies\\\/#organization\",\"name\":\"Taller de radio\",\"url\":\"https:\\\/\\\/laondaradio.es\\\/canalnoticies\\\/\",\"logo\":{\"@type\":\"ImageObject\",\"inLanguage\":\"es\",\"@id\":\"https:\\\/\\\/laondaradio.es\\\/canalnoticies\\\/#\\\/schema\\\/logo\\\/image\\\/\",\"url\":\"https:\\\/\\\/laondaradio.es\\\/canalnoticies\\\/wp-content\\\/uploads\\\/2023\\\/03\\\/logoTallerDeRadio.jpg\",\"contentUrl\":\"https:\\\/\\\/laondaradio.es\\\/canalnoticies\\\/wp-content\\\/uploads\\\/2023\\\/03\\\/logoTallerDeRadio.jpg\",\"width\":400,\"height\":400,\"caption\":\"Taller de radio\"},\"image\":{\"@id\":\"https:\\\/\\\/laondaradio.es\\\/canalnoticies\\\/#\\\/schema\\\/logo\\\/image\\\/\"},\"sameAs\":[\"https:\\\/\\\/www.facebook.com\\\/Tallerderadio\\\/\",\"https:\\\/\\\/x.com\\\/tallerderadio\",\"https:\\\/\\\/www.instagram.com\\\/javierlaonda2\\\/\",\"https:\\\/\\\/www.youtube.com\\\/channel\\\/UCZjliqFj7QUxWM1kWynLJrA\"]},{\"@type\":\"Person\",\"@id\":\"https:\\\/\\\/laondaradio.es\\\/canalnoticies\\\/#\\\/schema\\\/person\\\/6fc5dad133ed2581a8efecd72999f1cf\",\"name\":\"taller de radio\",\"image\":{\"@type\":\"ImageObject\",\"inLanguage\":\"es\",\"@id\":\"https:\\\/\\\/secure.gravatar.com\\\/avatar\\\/8f8e4bf1cd9d60ea89203bcd6650f0a3f33684910d6318a35f79a9564361f4ee?s=96&d=mm&r=g\",\"url\":\"https:\\\/\\\/secure.gravatar.com\\\/avatar\\\/8f8e4bf1cd9d60ea89203bcd6650f0a3f33684910d6318a35f79a9564361f4ee?s=96&d=mm&r=g\",\"contentUrl\":\"https:\\\/\\\/secure.gravatar.com\\\/avatar\\\/8f8e4bf1cd9d60ea89203bcd6650f0a3f33684910d6318a35f79a9564361f4ee?s=96&d=mm&r=g\",\"caption\":\"taller de radio\"},\"sameAs\":[\"http:\\\/\\\/laondaradio.es\\\/taller\"],\"url\":\"https:\\\/\\\/laondaradio.es\\\/canalnoticies\\\/author\\\/ttepiff\\\/\"}]}<\/script>\n<!-- \/ Yoast SEO plugin. -->","yoast_head_json":{"title":"Sempere rehabilitar\u00e0 l'antic llavaor i crear\u00e0 una zona recreativa. - Taller de Radio","robots":{"index":"index","follow":"follow","max-snippet":"max-snippet:-1","max-image-preview":"max-image-preview:large","max-video-preview":"max-video-preview:-1"},"canonical":"https:\/\/laondaradio.es\/canalnoticies\/2023\/02\/02\/sempere-rehabilitara-lantic-llavaor-i-creara-una-zona-recreativa\/","og_locale":"es_ES","og_type":"article","og_title":"Sempere rehabilitar\u00e0 l'antic llavaor i crear\u00e0 una zona recreativa. - Taller de Radio","og_description":"Sempere posar\u00e0 en valor un dels elements patrimonials i hist\u00f2rics. La petita localitat de la Vall d&#8217;Albaida, de 26 habitants (INE, 2022) -el municipi menys poblat de la prov\u00edncia de Val\u00e8ncia-, adequar\u00e0 l&#8217;antic safareig, una construcci\u00f3 de mitjans del passat segle XX que es troba en estat ru\u00efn\u00f3s, amb la teulada enfonsada, l&#8217;estructura afectada i [&hellip;]","og_url":"https:\/\/laondaradio.es\/canalnoticies\/2023\/02\/02\/sempere-rehabilitara-lantic-llavaor-i-creara-una-zona-recreativa\/","og_site_name":"Taller de Radio","article_publisher":"https:\/\/www.facebook.com\/Tallerderadio\/","article_published_time":"2023-02-02T16:19:24+00:00","og_image":[{"width":880,"height":495,"url":"https:\/\/laondaradio.es\/canalnoticies\/wp-content\/uploads\/2023\/02\/94e1ede7-0610-43a1-af7b-f16d7a401393_16-9-aspect-ratio_default_0.jpg","type":"image\/jpeg"}],"author":"taller de radio","twitter_card":"summary_large_image","twitter_creator":"@tallerderadio","twitter_site":"@tallerderadio","twitter_misc":{"Escrito por":"taller de radio","Tiempo de lectura":"3 minutos"},"schema":{"@context":"https:\/\/schema.org","@graph":[{"@type":"Article","@id":"https:\/\/laondaradio.es\/canalnoticies\/2023\/02\/02\/sempere-rehabilitara-lantic-llavaor-i-creara-una-zona-recreativa\/#article","isPartOf":{"@id":"https:\/\/laondaradio.es\/canalnoticies\/2023\/02\/02\/sempere-rehabilitara-lantic-llavaor-i-creara-una-zona-recreativa\/"},"author":{"name":"taller de radio","@id":"https:\/\/laondaradio.es\/canalnoticies\/#\/schema\/person\/6fc5dad133ed2581a8efecd72999f1cf"},"headline":"Sempere rehabilitar\u00e0 l&#8217;antic llavaor i crear\u00e0 una zona recreativa.","datePublished":"2023-02-02T16:19:24+00:00","mainEntityOfPage":{"@id":"https:\/\/laondaradio.es\/canalnoticies\/2023\/02\/02\/sempere-rehabilitara-lantic-llavaor-i-creara-una-zona-recreativa\/"},"wordCount":573,"publisher":{"@id":"https:\/\/laondaradio.es\/canalnoticies\/#organization"},"image":{"@id":"https:\/\/laondaradio.es\/canalnoticies\/2023\/02\/02\/sempere-rehabilitara-lantic-llavaor-i-creara-una-zona-recreativa\/#primaryimage"},"thumbnailUrl":"https:\/\/i0.wp.com\/laondaradio.es\/canalnoticies\/wp-content\/uploads\/2023\/02\/94e1ede7-0610-43a1-af7b-f16d7a401393_16-9-aspect-ratio_default_0.jpg?fit=880%2C495&ssl=1","keywords":["Sempere"],"articleSection":["La Vall d'Albaida"],"inLanguage":"es"},{"@type":"WebPage","@id":"https:\/\/laondaradio.es\/canalnoticies\/2023\/02\/02\/sempere-rehabilitara-lantic-llavaor-i-creara-una-zona-recreativa\/","url":"https:\/\/laondaradio.es\/canalnoticies\/2023\/02\/02\/sempere-rehabilitara-lantic-llavaor-i-creara-una-zona-recreativa\/","name":"Sempere rehabilitar\u00e0 l'antic llavaor i crear\u00e0 una zona recreativa. - Taller de Radio","isPartOf":{"@id":"https:\/\/laondaradio.es\/canalnoticies\/#website"},"primaryImageOfPage":{"@id":"https:\/\/laondaradio.es\/canalnoticies\/2023\/02\/02\/sempere-rehabilitara-lantic-llavaor-i-creara-una-zona-recreativa\/#primaryimage"},"image":{"@id":"https:\/\/laondaradio.es\/canalnoticies\/2023\/02\/02\/sempere-rehabilitara-lantic-llavaor-i-creara-una-zona-recreativa\/#primaryimage"},"thumbnailUrl":"https:\/\/i0.wp.com\/laondaradio.es\/canalnoticies\/wp-content\/uploads\/2023\/02\/94e1ede7-0610-43a1-af7b-f16d7a401393_16-9-aspect-ratio_default_0.jpg?fit=880%2C495&ssl=1","datePublished":"2023-02-02T16:19:24+00:00","breadcrumb":{"@id":"https:\/\/laondaradio.es\/canalnoticies\/2023\/02\/02\/sempere-rehabilitara-lantic-llavaor-i-creara-una-zona-recreativa\/#breadcrumb"},"inLanguage":"es","potentialAction":[{"@type":"ReadAction","target":["https:\/\/laondaradio.es\/canalnoticies\/2023\/02\/02\/sempere-rehabilitara-lantic-llavaor-i-creara-una-zona-recreativa\/"]}]},{"@type":"ImageObject","inLanguage":"es","@id":"https:\/\/laondaradio.es\/canalnoticies\/2023\/02\/02\/sempere-rehabilitara-lantic-llavaor-i-creara-una-zona-recreativa\/#primaryimage","url":"https:\/\/i0.wp.com\/laondaradio.es\/canalnoticies\/wp-content\/uploads\/2023\/02\/94e1ede7-0610-43a1-af7b-f16d7a401393_16-9-aspect-ratio_default_0.jpg?fit=880%2C495&ssl=1","contentUrl":"https:\/\/i0.wp.com\/laondaradio.es\/canalnoticies\/wp-content\/uploads\/2023\/02\/94e1ede7-0610-43a1-af7b-f16d7a401393_16-9-aspect-ratio_default_0.jpg?fit=880%2C495&ssl=1","width":880,"height":495},{"@type":"BreadcrumbList","@id":"https:\/\/laondaradio.es\/canalnoticies\/2023\/02\/02\/sempere-rehabilitara-lantic-llavaor-i-creara-una-zona-recreativa\/#breadcrumb","itemListElement":[{"@type":"ListItem","position":1,"name":"Portada","item":"https:\/\/laondaradio.es\/canalnoticies\/"},{"@type":"ListItem","position":2,"name":"Sempere rehabilitar\u00e0 l&#8217;antic llavaor i crear\u00e0 una zona recreativa."}]},{"@type":"WebSite","@id":"https:\/\/laondaradio.es\/canalnoticies\/#website","url":"https:\/\/laondaradio.es\/canalnoticies\/","name":"Taller de Radio","description":"M\u00fasica, noticias y tu participaci\u00f3n","publisher":{"@id":"https:\/\/laondaradio.es\/canalnoticies\/#organization"},"potentialAction":[{"@type":"SearchAction","target":{"@type":"EntryPoint","urlTemplate":"https:\/\/laondaradio.es\/canalnoticies\/?s={search_term_string}"},"query-input":{"@type":"PropertyValueSpecification","valueRequired":true,"valueName":"search_term_string"}}],"inLanguage":"es"},{"@type":"Organization","@id":"https:\/\/laondaradio.es\/canalnoticies\/#organization","name":"Taller de radio","url":"https:\/\/laondaradio.es\/canalnoticies\/","logo":{"@type":"ImageObject","inLanguage":"es","@id":"https:\/\/laondaradio.es\/canalnoticies\/#\/schema\/logo\/image\/","url":"https:\/\/laondaradio.es\/canalnoticies\/wp-content\/uploads\/2023\/03\/logoTallerDeRadio.jpg","contentUrl":"https:\/\/laondaradio.es\/canalnoticies\/wp-content\/uploads\/2023\/03\/logoTallerDeRadio.jpg","width":400,"height":400,"caption":"Taller de radio"},"image":{"@id":"https:\/\/laondaradio.es\/canalnoticies\/#\/schema\/logo\/image\/"},"sameAs":["https:\/\/www.facebook.com\/Tallerderadio\/","https:\/\/x.com\/tallerderadio","https:\/\/www.instagram.com\/javierlaonda2\/","https:\/\/www.youtube.com\/channel\/UCZjliqFj7QUxWM1kWynLJrA"]},{"@type":"Person","@id":"https:\/\/laondaradio.es\/canalnoticies\/#\/schema\/person\/6fc5dad133ed2581a8efecd72999f1cf","name":"taller de radio","image":{"@type":"ImageObject","inLanguage":"es","@id":"https:\/\/secure.gravatar.com\/avatar\/8f8e4bf1cd9d60ea89203bcd6650f0a3f33684910d6318a35f79a9564361f4ee?s=96&d=mm&r=g","url":"https:\/\/secure.gravatar.com\/avatar\/8f8e4bf1cd9d60ea89203bcd6650f0a3f33684910d6318a35f79a9564361f4ee?s=96&d=mm&r=g","contentUrl":"https:\/\/secure.gravatar.com\/avatar\/8f8e4bf1cd9d60ea89203bcd6650f0a3f33684910d6318a35f79a9564361f4ee?s=96&d=mm&r=g","caption":"taller de radio"},"sameAs":["http:\/\/laondaradio.es\/taller"],"url":"https:\/\/laondaradio.es\/canalnoticies\/author\/ttepiff\/"}]}},"jetpack_publicize_connections":[],"jetpack_featured_media_url":"https:\/\/i0.wp.com\/laondaradio.es\/canalnoticies\/wp-content\/uploads\/2023\/02\/94e1ede7-0610-43a1-af7b-f16d7a401393_16-9-aspect-ratio_default_0.jpg?fit=880%2C495&ssl=1","jetpack_sharing_enabled":true,"_links":{"self":[{"href":"https:\/\/laondaradio.es\/canalnoticies\/wp-json\/wp\/v2\/posts\/293","targetHints":{"allow":["GET"]}}],"collection":[{"href":"https:\/\/laondaradio.es\/canalnoticies\/wp-json\/wp\/v2\/posts"}],"about":[{"href":"https:\/\/laondaradio.es\/canalnoticies\/wp-json\/wp\/v2\/types\/post"}],"author":[{"embeddable":true,"href":"https:\/\/laondaradio.es\/canalnoticies\/wp-json\/wp\/v2\/users\/1"}],"replies":[{"embeddable":true,"href":"https:\/\/laondaradio.es\/canalnoticies\/wp-json\/wp\/v2\/comments?post=293"}],"version-history":[{"count":0,"href":"https:\/\/laondaradio.es\/canalnoticies\/wp-json\/wp\/v2\/posts\/293\/revisions"}],"wp:featuredmedia":[{"embeddable":true,"href":"https:\/\/laondaradio.es\/canalnoticies\/wp-json\/wp\/v2\/media\/292"}],"wp:attachment":[{"href":"https:\/\/laondaradio.es\/canalnoticies\/wp-json\/wp\/v2\/media?parent=293"}],"wp:term":[{"taxonomy":"category","embeddable":true,"href":"https:\/\/laondaradio.es\/canalnoticies\/wp-json\/wp\/v2\/categories?post=293"},{"taxonomy":"post_tag","embeddable":true,"href":"https:\/\/laondaradio.es\/canalnoticies\/wp-json\/wp\/v2\/tags?post=293"}],"curies":[{"name":"wp","href":"https:\/\/api.w.org\/{rel}","templated":true}]}}