{"id":1145,"date":"2023-12-12T20:09:04","date_gmt":"2023-12-12T19:09:04","guid":{"rendered":"https:\/\/laondaradio.es\/canalnoticies\/?p=1145"},"modified":"2023-12-12T20:09:09","modified_gmt":"2023-12-12T19:09:09","slug":"aielo-votara-si-es-traslladen-les-festes-al-cap-de-setmana","status":"publish","type":"post","link":"https:\/\/laondaradio.es\/canalnoticies\/2023\/12\/12\/aielo-votara-si-es-traslladen-les-festes-al-cap-de-setmana\/","title":{"rendered":"Aielo votar\u00e0 si es traslladen les festes al cap de setmana"},"content":{"rendered":"\n<p>Aielo de Malferit ha convocat una consulta ciutadana perqu\u00e8 els ve\u00efns i ve\u00efnes de la localitat decideixin sobre el canvi de les Festes Patronals i de Moros i Cristians al cap de setmana. Les festes se celebren actualment del 5 al 8 d&#8217;agost i amb l&#8217;enquesta de participaci\u00f3 ciutadana es pregunta al ve\u00efnat si est\u00e0 d&#8217;acord que se celebrin, a partir del 2024, el primer cap de setmana d&#8217;agost. La consulta popular ofereix la possibilitat de votar de manera telem\u00e0tica i presencial. La votaci\u00f3 presencial ser\u00e0 el proper diumenge, 17 de desembre, entre les 9 i les 20 hores al CEIP Sant Josep de Calassan\u00e7, mentre que el vot telem\u00e0tic ser\u00e0 a trav\u00e9s de la p\u00e0gina web aielodemalferit.governalia.es i es pot formalitzar des d&#8217;aquest mateix dilluns, 11 de desembre, i fins el proper divendres 15 de desembre a les 20 hores.<\/p>\n\n\n\n<p>L\u00b4Associaci\u00f3 de Festes de Moros i Cristians d\u00b4Aielo de Malferit, organitzadora dels actes morocristians, ja ha decidit traslladar les festes al primer cap de setmana d\u00b4agost, de manera que el primer dissabte d\u00b4aquell mes del proper any (3 d\u00b4agost) ser\u00e0 l&#8217;Entrada de Moros i Cristians. Els festers, en tres votacions diferents al si de l&#8217;entitat festera, han acordat el trasllat dels principals actes al cap de setmana.<\/p>\n\n\n\n<p>L&#8217;enquesta popular decidir\u00e0 sobre el trasllat dels actes religiosos en honor als patrons al cap de setmana, per tal que es mantinguin unides, com fins ara, les festes patronals i els Moros i Cristians. Si la ciutadania vota majorit\u00e0riament pel trasllat de les festes al cap de setmana, el primer diumenge d&#8217;agost seria el dia del patr\u00f3 Sant\u00edssim Crist, i l&#8217;endem\u00e0, dilluns, el dia de l&#8217;altre patr\u00f3, Sant Engraci.<\/p>\n\n\n\n<p>-FONT: <a href=\"https:\/\/www.levante-emv.com\/costera\/2023\/12\/12\/vecinos-aielo-votaran-trasladan-fiestas-95707774.html\" target=\"_blank\" rel=\"noreferrer noopener\">https:\/\/www.levante-emv.com\/costera\/2023\/12\/12\/vecinos-aielo-votaran-trasladan-fiestas-95707774.html<\/a><\/p>\n","protected":false},"excerpt":{"rendered":"<p>Aielo de Malferit ha convocat una consulta ciutadana perqu\u00e8 els ve\u00efns i ve\u00efnes de la localitat decideixin sobre el canvi de les Festes Patronals i de Moros i Cristians al cap de setmana. Les festes se celebren actualment del 5 al 8 d&#8217;agost i amb l&#8217;enquesta de participaci\u00f3 ciutadana es pregunta al ve\u00efnat si est\u00e0 [&hellip;]<\/p>\n","protected":false},"author":1,"featured_media":1146,"comment_status":"closed","ping_status":"open","sticky":false,"template":"","format":"standard","meta":{"jetpack_post_was_ever_published":false,"_jetpack_newsletter_access":"","_jetpack_dont_email_post_to_subs":false,"_jetpack_newsletter_tier_id":0,"_jetpack_memberships_contains_paywalled_content":false,"_jetpack_memberships_contains_paid_content":false,"footnotes":"","jetpack_publicize_message":"","jetpack_publicize_feature_enabled":true,"jetpack_social_post_already_shared":true,"jetpack_social_options":{"image_generator_settings":{"template":"highway","default_image_id":0,"font":"","enabled":false},"version":2}},"categories":[5],"tags":[9,254,28,362],"class_list":["post-1145","post","type-post","status-publish","format-standard","has-post-thumbnail","hentry","category-la-vall-dalbaida","tag-aielo-de-malferit","tag-cap-de-setmana","tag-festes","tag-votar"],"yoast_head":"<!-- This site is optimized with the Yoast SEO plugin v27.5 - https:\/\/yoast.com\/product\/yoast-seo-wordpress\/ -->\n<title>Aielo votar\u00e0 si es traslladen les festes al cap de setmana - Taller de Radio<\/title>\n<meta name=\"description\" content=\"Aielo de Malferit ha convocat una consulta ciutadana perqu\u00e8 els ve\u00efns i ve\u00efnes de la localitat decideixin sobre el canvi de les Festes Patronals i de Moros i Cristians al cap de setmana.\" \/>\n<meta name=\"robots\" content=\"index, follow, max-snippet:-1, max-image-preview:large, max-video-preview:-1\" \/>\n<link rel=\"canonical\" href=\"https:\/\/laondaradio.es\/canalnoticies\/2023\/12\/12\/aielo-votara-si-es-traslladen-les-festes-al-cap-de-setmana\/\" \/>\n<meta property=\"og:locale\" content=\"es_ES\" \/>\n<meta property=\"og:type\" content=\"article\" \/>\n<meta property=\"og:title\" content=\"Aielo votar\u00e0 si es traslladen les festes al cap de setmana - Taller de Radio\" \/>\n<meta property=\"og:description\" content=\"Aielo de Malferit ha convocat una consulta ciutadana perqu\u00e8 els ve\u00efns i ve\u00efnes de la localitat decideixin sobre el canvi de les Festes Patronals i de Moros i Cristians al cap de setmana.\" \/>\n<meta property=\"og:url\" content=\"https:\/\/laondaradio.es\/canalnoticies\/2023\/12\/12\/aielo-votara-si-es-traslladen-les-festes-al-cap-de-setmana\/\" \/>\n<meta property=\"og:site_name\" content=\"Taller de Radio\" \/>\n<meta property=\"article:publisher\" content=\"https:\/\/www.facebook.com\/Tallerderadio\/\" \/>\n<meta property=\"article:published_time\" content=\"2023-12-12T19:09:04+00:00\" \/>\n<meta property=\"article:modified_time\" content=\"2023-12-12T19:09:09+00:00\" \/>\n<meta property=\"og:image\" content=\"https:\/\/laondaradio.es\/canalnoticies\/wp-content\/uploads\/2023\/12\/493c886c-8254-4350-9a14-91996b5ec369_16-9-discover-aspect-ratio_default_0.jpg\" \/>\n\t<meta property=\"og:image:width\" content=\"1200\" \/>\n\t<meta property=\"og:image:height\" content=\"675\" \/>\n\t<meta property=\"og:image:type\" content=\"image\/jpeg\" \/>\n<meta name=\"author\" content=\"taller de radio\" \/>\n<meta name=\"twitter:card\" content=\"summary_large_image\" \/>\n<meta name=\"twitter:creator\" content=\"@tallerderadio\" \/>\n<meta name=\"twitter:site\" content=\"@tallerderadio\" \/>\n<meta name=\"twitter:label1\" content=\"Escrito por\" \/>\n\t<meta name=\"twitter:data1\" content=\"taller de radio\" \/>\n\t<meta name=\"twitter:label2\" content=\"Tiempo de lectura\" \/>\n\t<meta name=\"twitter:data2\" content=\"2 minutos\" \/>\n<script type=\"application\/ld+json\" class=\"yoast-schema-graph\">{\"@context\":\"https:\\\/\\\/schema.org\",\"@graph\":[{\"@type\":\"Article\",\"@id\":\"https:\\\/\\\/laondaradio.es\\\/canalnoticies\\\/2023\\\/12\\\/12\\\/aielo-votara-si-es-traslladen-les-festes-al-cap-de-setmana\\\/#article\",\"isPartOf\":{\"@id\":\"https:\\\/\\\/laondaradio.es\\\/canalnoticies\\\/2023\\\/12\\\/12\\\/aielo-votara-si-es-traslladen-les-festes-al-cap-de-setmana\\\/\"},\"author\":{\"name\":\"taller de radio\",\"@id\":\"https:\\\/\\\/laondaradio.es\\\/canalnoticies\\\/#\\\/schema\\\/person\\\/6fc5dad133ed2581a8efecd72999f1cf\"},\"headline\":\"Aielo votar\u00e0 si es traslladen les festes al cap de setmana\",\"datePublished\":\"2023-12-12T19:09:04+00:00\",\"dateModified\":\"2023-12-12T19:09:09+00:00\",\"mainEntityOfPage\":{\"@id\":\"https:\\\/\\\/laondaradio.es\\\/canalnoticies\\\/2023\\\/12\\\/12\\\/aielo-votara-si-es-traslladen-les-festes-al-cap-de-setmana\\\/\"},\"wordCount\":313,\"publisher\":{\"@id\":\"https:\\\/\\\/laondaradio.es\\\/canalnoticies\\\/#organization\"},\"image\":{\"@id\":\"https:\\\/\\\/laondaradio.es\\\/canalnoticies\\\/2023\\\/12\\\/12\\\/aielo-votara-si-es-traslladen-les-festes-al-cap-de-setmana\\\/#primaryimage\"},\"thumbnailUrl\":\"https:\\\/\\\/i0.wp.com\\\/laondaradio.es\\\/canalnoticies\\\/wp-content\\\/uploads\\\/2023\\\/12\\\/493c886c-8254-4350-9a14-91996b5ec369_16-9-discover-aspect-ratio_default_0.jpg?fit=1200%2C675&ssl=1\",\"keywords\":[\"Aielo de Malferit\",\"cap de setmana\",\"Festes\",\"votar\"],\"articleSection\":[\"La Vall d'Albaida\"],\"inLanguage\":\"es\"},{\"@type\":\"WebPage\",\"@id\":\"https:\\\/\\\/laondaradio.es\\\/canalnoticies\\\/2023\\\/12\\\/12\\\/aielo-votara-si-es-traslladen-les-festes-al-cap-de-setmana\\\/\",\"url\":\"https:\\\/\\\/laondaradio.es\\\/canalnoticies\\\/2023\\\/12\\\/12\\\/aielo-votara-si-es-traslladen-les-festes-al-cap-de-setmana\\\/\",\"name\":\"Aielo votar\u00e0 si es traslladen les festes al cap de setmana - Taller de Radio\",\"isPartOf\":{\"@id\":\"https:\\\/\\\/laondaradio.es\\\/canalnoticies\\\/#website\"},\"primaryImageOfPage\":{\"@id\":\"https:\\\/\\\/laondaradio.es\\\/canalnoticies\\\/2023\\\/12\\\/12\\\/aielo-votara-si-es-traslladen-les-festes-al-cap-de-setmana\\\/#primaryimage\"},\"image\":{\"@id\":\"https:\\\/\\\/laondaradio.es\\\/canalnoticies\\\/2023\\\/12\\\/12\\\/aielo-votara-si-es-traslladen-les-festes-al-cap-de-setmana\\\/#primaryimage\"},\"thumbnailUrl\":\"https:\\\/\\\/i0.wp.com\\\/laondaradio.es\\\/canalnoticies\\\/wp-content\\\/uploads\\\/2023\\\/12\\\/493c886c-8254-4350-9a14-91996b5ec369_16-9-discover-aspect-ratio_default_0.jpg?fit=1200%2C675&ssl=1\",\"datePublished\":\"2023-12-12T19:09:04+00:00\",\"dateModified\":\"2023-12-12T19:09:09+00:00\",\"description\":\"Aielo de Malferit ha convocat una consulta ciutadana perqu\u00e8 els ve\u00efns i ve\u00efnes de la localitat decideixin sobre el canvi de les Festes Patronals i de Moros i Cristians al cap de setmana.\",\"breadcrumb\":{\"@id\":\"https:\\\/\\\/laondaradio.es\\\/canalnoticies\\\/2023\\\/12\\\/12\\\/aielo-votara-si-es-traslladen-les-festes-al-cap-de-setmana\\\/#breadcrumb\"},\"inLanguage\":\"es\",\"potentialAction\":[{\"@type\":\"ReadAction\",\"target\":[\"https:\\\/\\\/laondaradio.es\\\/canalnoticies\\\/2023\\\/12\\\/12\\\/aielo-votara-si-es-traslladen-les-festes-al-cap-de-setmana\\\/\"]}]},{\"@type\":\"ImageObject\",\"inLanguage\":\"es\",\"@id\":\"https:\\\/\\\/laondaradio.es\\\/canalnoticies\\\/2023\\\/12\\\/12\\\/aielo-votara-si-es-traslladen-les-festes-al-cap-de-setmana\\\/#primaryimage\",\"url\":\"https:\\\/\\\/i0.wp.com\\\/laondaradio.es\\\/canalnoticies\\\/wp-content\\\/uploads\\\/2023\\\/12\\\/493c886c-8254-4350-9a14-91996b5ec369_16-9-discover-aspect-ratio_default_0.jpg?fit=1200%2C675&ssl=1\",\"contentUrl\":\"https:\\\/\\\/i0.wp.com\\\/laondaradio.es\\\/canalnoticies\\\/wp-content\\\/uploads\\\/2023\\\/12\\\/493c886c-8254-4350-9a14-91996b5ec369_16-9-discover-aspect-ratio_default_0.jpg?fit=1200%2C675&ssl=1\",\"width\":1200,\"height\":675},{\"@type\":\"BreadcrumbList\",\"@id\":\"https:\\\/\\\/laondaradio.es\\\/canalnoticies\\\/2023\\\/12\\\/12\\\/aielo-votara-si-es-traslladen-les-festes-al-cap-de-setmana\\\/#breadcrumb\",\"itemListElement\":[{\"@type\":\"ListItem\",\"position\":1,\"name\":\"Portada\",\"item\":\"https:\\\/\\\/laondaradio.es\\\/canalnoticies\\\/\"},{\"@type\":\"ListItem\",\"position\":2,\"name\":\"Aielo votar\u00e0 si es traslladen les festes al cap de setmana\"}]},{\"@type\":\"WebSite\",\"@id\":\"https:\\\/\\\/laondaradio.es\\\/canalnoticies\\\/#website\",\"url\":\"https:\\\/\\\/laondaradio.es\\\/canalnoticies\\\/\",\"name\":\"Taller de Radio\",\"description\":\"M\u00fasica, noticias y tu participaci\u00f3n\",\"publisher\":{\"@id\":\"https:\\\/\\\/laondaradio.es\\\/canalnoticies\\\/#organization\"},\"potentialAction\":[{\"@type\":\"SearchAction\",\"target\":{\"@type\":\"EntryPoint\",\"urlTemplate\":\"https:\\\/\\\/laondaradio.es\\\/canalnoticies\\\/?s={search_term_string}\"},\"query-input\":{\"@type\":\"PropertyValueSpecification\",\"valueRequired\":true,\"valueName\":\"search_term_string\"}}],\"inLanguage\":\"es\"},{\"@type\":\"Organization\",\"@id\":\"https:\\\/\\\/laondaradio.es\\\/canalnoticies\\\/#organization\",\"name\":\"Taller de radio\",\"url\":\"https:\\\/\\\/laondaradio.es\\\/canalnoticies\\\/\",\"logo\":{\"@type\":\"ImageObject\",\"inLanguage\":\"es\",\"@id\":\"https:\\\/\\\/laondaradio.es\\\/canalnoticies\\\/#\\\/schema\\\/logo\\\/image\\\/\",\"url\":\"https:\\\/\\\/laondaradio.es\\\/canalnoticies\\\/wp-content\\\/uploads\\\/2023\\\/03\\\/logoTallerDeRadio.jpg\",\"contentUrl\":\"https:\\\/\\\/laondaradio.es\\\/canalnoticies\\\/wp-content\\\/uploads\\\/2023\\\/03\\\/logoTallerDeRadio.jpg\",\"width\":400,\"height\":400,\"caption\":\"Taller de radio\"},\"image\":{\"@id\":\"https:\\\/\\\/laondaradio.es\\\/canalnoticies\\\/#\\\/schema\\\/logo\\\/image\\\/\"},\"sameAs\":[\"https:\\\/\\\/www.facebook.com\\\/Tallerderadio\\\/\",\"https:\\\/\\\/x.com\\\/tallerderadio\",\"https:\\\/\\\/www.instagram.com\\\/javierlaonda2\\\/\",\"https:\\\/\\\/www.youtube.com\\\/channel\\\/UCZjliqFj7QUxWM1kWynLJrA\"]},{\"@type\":\"Person\",\"@id\":\"https:\\\/\\\/laondaradio.es\\\/canalnoticies\\\/#\\\/schema\\\/person\\\/6fc5dad133ed2581a8efecd72999f1cf\",\"name\":\"taller de radio\",\"image\":{\"@type\":\"ImageObject\",\"inLanguage\":\"es\",\"@id\":\"https:\\\/\\\/secure.gravatar.com\\\/avatar\\\/8f8e4bf1cd9d60ea89203bcd6650f0a3f33684910d6318a35f79a9564361f4ee?s=96&d=mm&r=g\",\"url\":\"https:\\\/\\\/secure.gravatar.com\\\/avatar\\\/8f8e4bf1cd9d60ea89203bcd6650f0a3f33684910d6318a35f79a9564361f4ee?s=96&d=mm&r=g\",\"contentUrl\":\"https:\\\/\\\/secure.gravatar.com\\\/avatar\\\/8f8e4bf1cd9d60ea89203bcd6650f0a3f33684910d6318a35f79a9564361f4ee?s=96&d=mm&r=g\",\"caption\":\"taller de radio\"},\"sameAs\":[\"http:\\\/\\\/laondaradio.es\\\/taller\"],\"url\":\"https:\\\/\\\/laondaradio.es\\\/canalnoticies\\\/author\\\/ttepiff\\\/\"}]}<\/script>\n<!-- \/ Yoast SEO plugin. -->","yoast_head_json":{"title":"Aielo votar\u00e0 si es traslladen les festes al cap de setmana - Taller de Radio","description":"Aielo de Malferit ha convocat una consulta ciutadana perqu\u00e8 els ve\u00efns i ve\u00efnes de la localitat decideixin sobre el canvi de les Festes Patronals i de Moros i Cristians al cap de setmana.","robots":{"index":"index","follow":"follow","max-snippet":"max-snippet:-1","max-image-preview":"max-image-preview:large","max-video-preview":"max-video-preview:-1"},"canonical":"https:\/\/laondaradio.es\/canalnoticies\/2023\/12\/12\/aielo-votara-si-es-traslladen-les-festes-al-cap-de-setmana\/","og_locale":"es_ES","og_type":"article","og_title":"Aielo votar\u00e0 si es traslladen les festes al cap de setmana - Taller de Radio","og_description":"Aielo de Malferit ha convocat una consulta ciutadana perqu\u00e8 els ve\u00efns i ve\u00efnes de la localitat decideixin sobre el canvi de les Festes Patronals i de Moros i Cristians al cap de setmana.","og_url":"https:\/\/laondaradio.es\/canalnoticies\/2023\/12\/12\/aielo-votara-si-es-traslladen-les-festes-al-cap-de-setmana\/","og_site_name":"Taller de Radio","article_publisher":"https:\/\/www.facebook.com\/Tallerderadio\/","article_published_time":"2023-12-12T19:09:04+00:00","article_modified_time":"2023-12-12T19:09:09+00:00","og_image":[{"width":1200,"height":675,"url":"https:\/\/laondaradio.es\/canalnoticies\/wp-content\/uploads\/2023\/12\/493c886c-8254-4350-9a14-91996b5ec369_16-9-discover-aspect-ratio_default_0.jpg","type":"image\/jpeg"}],"author":"taller de radio","twitter_card":"summary_large_image","twitter_creator":"@tallerderadio","twitter_site":"@tallerderadio","twitter_misc":{"Escrito por":"taller de radio","Tiempo de lectura":"2 minutos"},"schema":{"@context":"https:\/\/schema.org","@graph":[{"@type":"Article","@id":"https:\/\/laondaradio.es\/canalnoticies\/2023\/12\/12\/aielo-votara-si-es-traslladen-les-festes-al-cap-de-setmana\/#article","isPartOf":{"@id":"https:\/\/laondaradio.es\/canalnoticies\/2023\/12\/12\/aielo-votara-si-es-traslladen-les-festes-al-cap-de-setmana\/"},"author":{"name":"taller de radio","@id":"https:\/\/laondaradio.es\/canalnoticies\/#\/schema\/person\/6fc5dad133ed2581a8efecd72999f1cf"},"headline":"Aielo votar\u00e0 si es traslladen les festes al cap de setmana","datePublished":"2023-12-12T19:09:04+00:00","dateModified":"2023-12-12T19:09:09+00:00","mainEntityOfPage":{"@id":"https:\/\/laondaradio.es\/canalnoticies\/2023\/12\/12\/aielo-votara-si-es-traslladen-les-festes-al-cap-de-setmana\/"},"wordCount":313,"publisher":{"@id":"https:\/\/laondaradio.es\/canalnoticies\/#organization"},"image":{"@id":"https:\/\/laondaradio.es\/canalnoticies\/2023\/12\/12\/aielo-votara-si-es-traslladen-les-festes-al-cap-de-setmana\/#primaryimage"},"thumbnailUrl":"https:\/\/i0.wp.com\/laondaradio.es\/canalnoticies\/wp-content\/uploads\/2023\/12\/493c886c-8254-4350-9a14-91996b5ec369_16-9-discover-aspect-ratio_default_0.jpg?fit=1200%2C675&ssl=1","keywords":["Aielo de Malferit","cap de setmana","Festes","votar"],"articleSection":["La Vall d'Albaida"],"inLanguage":"es"},{"@type":"WebPage","@id":"https:\/\/laondaradio.es\/canalnoticies\/2023\/12\/12\/aielo-votara-si-es-traslladen-les-festes-al-cap-de-setmana\/","url":"https:\/\/laondaradio.es\/canalnoticies\/2023\/12\/12\/aielo-votara-si-es-traslladen-les-festes-al-cap-de-setmana\/","name":"Aielo votar\u00e0 si es traslladen les festes al cap de setmana - Taller de Radio","isPartOf":{"@id":"https:\/\/laondaradio.es\/canalnoticies\/#website"},"primaryImageOfPage":{"@id":"https:\/\/laondaradio.es\/canalnoticies\/2023\/12\/12\/aielo-votara-si-es-traslladen-les-festes-al-cap-de-setmana\/#primaryimage"},"image":{"@id":"https:\/\/laondaradio.es\/canalnoticies\/2023\/12\/12\/aielo-votara-si-es-traslladen-les-festes-al-cap-de-setmana\/#primaryimage"},"thumbnailUrl":"https:\/\/i0.wp.com\/laondaradio.es\/canalnoticies\/wp-content\/uploads\/2023\/12\/493c886c-8254-4350-9a14-91996b5ec369_16-9-discover-aspect-ratio_default_0.jpg?fit=1200%2C675&ssl=1","datePublished":"2023-12-12T19:09:04+00:00","dateModified":"2023-12-12T19:09:09+00:00","description":"Aielo de Malferit ha convocat una consulta ciutadana perqu\u00e8 els ve\u00efns i ve\u00efnes de la localitat decideixin sobre el canvi de les Festes Patronals i de Moros i Cristians al cap de setmana.","breadcrumb":{"@id":"https:\/\/laondaradio.es\/canalnoticies\/2023\/12\/12\/aielo-votara-si-es-traslladen-les-festes-al-cap-de-setmana\/#breadcrumb"},"inLanguage":"es","potentialAction":[{"@type":"ReadAction","target":["https:\/\/laondaradio.es\/canalnoticies\/2023\/12\/12\/aielo-votara-si-es-traslladen-les-festes-al-cap-de-setmana\/"]}]},{"@type":"ImageObject","inLanguage":"es","@id":"https:\/\/laondaradio.es\/canalnoticies\/2023\/12\/12\/aielo-votara-si-es-traslladen-les-festes-al-cap-de-setmana\/#primaryimage","url":"https:\/\/i0.wp.com\/laondaradio.es\/canalnoticies\/wp-content\/uploads\/2023\/12\/493c886c-8254-4350-9a14-91996b5ec369_16-9-discover-aspect-ratio_default_0.jpg?fit=1200%2C675&ssl=1","contentUrl":"https:\/\/i0.wp.com\/laondaradio.es\/canalnoticies\/wp-content\/uploads\/2023\/12\/493c886c-8254-4350-9a14-91996b5ec369_16-9-discover-aspect-ratio_default_0.jpg?fit=1200%2C675&ssl=1","width":1200,"height":675},{"@type":"BreadcrumbList","@id":"https:\/\/laondaradio.es\/canalnoticies\/2023\/12\/12\/aielo-votara-si-es-traslladen-les-festes-al-cap-de-setmana\/#breadcrumb","itemListElement":[{"@type":"ListItem","position":1,"name":"Portada","item":"https:\/\/laondaradio.es\/canalnoticies\/"},{"@type":"ListItem","position":2,"name":"Aielo votar\u00e0 si es traslladen les festes al cap de setmana"}]},{"@type":"WebSite","@id":"https:\/\/laondaradio.es\/canalnoticies\/#website","url":"https:\/\/laondaradio.es\/canalnoticies\/","name":"Taller de Radio","description":"M\u00fasica, noticias y tu participaci\u00f3n","publisher":{"@id":"https:\/\/laondaradio.es\/canalnoticies\/#organization"},"potentialAction":[{"@type":"SearchAction","target":{"@type":"EntryPoint","urlTemplate":"https:\/\/laondaradio.es\/canalnoticies\/?s={search_term_string}"},"query-input":{"@type":"PropertyValueSpecification","valueRequired":true,"valueName":"search_term_string"}}],"inLanguage":"es"},{"@type":"Organization","@id":"https:\/\/laondaradio.es\/canalnoticies\/#organization","name":"Taller de radio","url":"https:\/\/laondaradio.es\/canalnoticies\/","logo":{"@type":"ImageObject","inLanguage":"es","@id":"https:\/\/laondaradio.es\/canalnoticies\/#\/schema\/logo\/image\/","url":"https:\/\/laondaradio.es\/canalnoticies\/wp-content\/uploads\/2023\/03\/logoTallerDeRadio.jpg","contentUrl":"https:\/\/laondaradio.es\/canalnoticies\/wp-content\/uploads\/2023\/03\/logoTallerDeRadio.jpg","width":400,"height":400,"caption":"Taller de radio"},"image":{"@id":"https:\/\/laondaradio.es\/canalnoticies\/#\/schema\/logo\/image\/"},"sameAs":["https:\/\/www.facebook.com\/Tallerderadio\/","https:\/\/x.com\/tallerderadio","https:\/\/www.instagram.com\/javierlaonda2\/","https:\/\/www.youtube.com\/channel\/UCZjliqFj7QUxWM1kWynLJrA"]},{"@type":"Person","@id":"https:\/\/laondaradio.es\/canalnoticies\/#\/schema\/person\/6fc5dad133ed2581a8efecd72999f1cf","name":"taller de radio","image":{"@type":"ImageObject","inLanguage":"es","@id":"https:\/\/secure.gravatar.com\/avatar\/8f8e4bf1cd9d60ea89203bcd6650f0a3f33684910d6318a35f79a9564361f4ee?s=96&d=mm&r=g","url":"https:\/\/secure.gravatar.com\/avatar\/8f8e4bf1cd9d60ea89203bcd6650f0a3f33684910d6318a35f79a9564361f4ee?s=96&d=mm&r=g","contentUrl":"https:\/\/secure.gravatar.com\/avatar\/8f8e4bf1cd9d60ea89203bcd6650f0a3f33684910d6318a35f79a9564361f4ee?s=96&d=mm&r=g","caption":"taller de radio"},"sameAs":["http:\/\/laondaradio.es\/taller"],"url":"https:\/\/laondaradio.es\/canalnoticies\/author\/ttepiff\/"}]}},"jetpack_publicize_connections":[],"jetpack_featured_media_url":"https:\/\/i0.wp.com\/laondaradio.es\/canalnoticies\/wp-content\/uploads\/2023\/12\/493c886c-8254-4350-9a14-91996b5ec369_16-9-discover-aspect-ratio_default_0.jpg?fit=1200%2C675&ssl=1","jetpack_sharing_enabled":true,"_links":{"self":[{"href":"https:\/\/laondaradio.es\/canalnoticies\/wp-json\/wp\/v2\/posts\/1145","targetHints":{"allow":["GET"]}}],"collection":[{"href":"https:\/\/laondaradio.es\/canalnoticies\/wp-json\/wp\/v2\/posts"}],"about":[{"href":"https:\/\/laondaradio.es\/canalnoticies\/wp-json\/wp\/v2\/types\/post"}],"author":[{"embeddable":true,"href":"https:\/\/laondaradio.es\/canalnoticies\/wp-json\/wp\/v2\/users\/1"}],"replies":[{"embeddable":true,"href":"https:\/\/laondaradio.es\/canalnoticies\/wp-json\/wp\/v2\/comments?post=1145"}],"version-history":[{"count":1,"href":"https:\/\/laondaradio.es\/canalnoticies\/wp-json\/wp\/v2\/posts\/1145\/revisions"}],"predecessor-version":[{"id":1147,"href":"https:\/\/laondaradio.es\/canalnoticies\/wp-json\/wp\/v2\/posts\/1145\/revisions\/1147"}],"wp:featuredmedia":[{"embeddable":true,"href":"https:\/\/laondaradio.es\/canalnoticies\/wp-json\/wp\/v2\/media\/1146"}],"wp:attachment":[{"href":"https:\/\/laondaradio.es\/canalnoticies\/wp-json\/wp\/v2\/media?parent=1145"}],"wp:term":[{"taxonomy":"category","embeddable":true,"href":"https:\/\/laondaradio.es\/canalnoticies\/wp-json\/wp\/v2\/categories?post=1145"},{"taxonomy":"post_tag","embeddable":true,"href":"https:\/\/laondaradio.es\/canalnoticies\/wp-json\/wp\/v2\/tags?post=1145"}],"curies":[{"name":"wp","href":"https:\/\/api.w.org\/{rel}","templated":true}]}}